{"id":15827,"date":"2026-08-31T12:00:00","date_gmt":"2026-08-31T10:00:00","guid":{"rendered":"https:\/\/sna.gov.it\/home\/?p=15827"},"modified":"2026-08-31T12:13:47","modified_gmt":"2026-08-31T10:13:47","slug":"reggia-di-caserta-e-sna-insieme-per-la-formazione-della-futura-classe-dirigente","status":"publish","type":"post","link":"https:\/\/sna.gov.it\/home\/2026\/08\/31\/reggia-di-caserta-e-sna-insieme-per-la-formazione-della-futura-classe-dirigente\/","title":{"rendered":"Reggia di Caserta e SNA insieme per la formazione della futura classe dirigente del Paese"},"content":{"rendered":"\n<p><em>Siglato l\u2019accordo: si svolger\u00e0 interamente a Caserta il prossimo Corso-Concorso nella Quadreria del Palazzo reale<\/em><\/p>\n\n\n\n<p>La Reggia di Caserta e la Scuola Nazionale dell&#8217;Amministrazione stringono un accordo di grande rilevanza. A partire da ottobre, le attivit\u00e0 formative della Scuola della Presidenza del Consiglio dei Ministri troveranno sede negli spazi dell&#8217;ex Quadreria dell&#8217;Istituto del Ministero della Cultura. E per l\u2019intera durata del corso.<\/p>\n\n\n\n<p>Il corso formativo per i vincitori del concorso per dirigenti della Pubblica Amministrazione si svolger\u00e0 interamente a Caserta. I corsi si svolgeranno all\u2019interno dei locali della Reggia. La citt\u00e0 di Caserta accoglier\u00e0, dunque, da ottobre a febbraio i centoundici allievi vincitori dell\u2019undicesimo corso-concorso indetto dalla SNA.<\/p>\n\n\n\n<p>Si tratta di un risultato fortemente voluto dal Direttore generale <em>ad interim<\/em>, Antonio Tarasco, e dal Segretario generale della SNA, Francesco Spada.<\/p>\n\n\n\n<p>Si conferma, cos\u00ec, il ruolo centrale del Palazzo reale di Caserta sia per le istituzioni pubbliche che per la citt\u00e0 di Caserta che ospiter\u00e0 per cinque mesi i futuri dirigenti pubblici.<\/p>\n\n\n\n<p>La collaborazione tra Ministero della cultura e SNA non si ferma solo all\u2019ospitalit\u00e0 ma si estende anche alle attivit\u00e0 formative: i dipendenti della Reggia di Caserta potranno, infatti, frequentare i corsi di aggiornamento formativo prescritti dalla direttiva Zangrillo scegliendoli tra quelli offerti nel catalogo formativo della SNA.<\/p>\n\n\n\n<p>I centoundici allievi selezionati potranno cos\u00ec perfezionare la loro formazione in un contesto d&#8217;eccellenza. Al contempo, il personale del Museo si arricchir\u00e0 di nuove competenze grazie a percorsi specialistici su trasparenza, protezione dei dati e codice dei contratti offerti dalla SNA.<\/p>\n\n\n\n<p><em>Nel firmare l\u2019accordo con la<\/em> <em>SNA <\/em>\u2013 dichiara il Direttore generale <em>ad interim <\/em>della Reggia di Caserta, Antonio Tarasco \u2013 <em>abbiamo ben tenuto conto sia dei consueti ottimi rapporti di collaborazione istituzionale che del ritorno sociale ed economico per la citt\u00e0 di Caserta. La permanenza di centoundici allievi in citt\u00e0, per cinque mesi, generer\u00e0 un impatto positivo sull&#8217;economia locale, agevoler\u00e0 la loro conoscenza storica del territorio di Terra di lavoro, cos\u00ec segnando un imprinting importante nella carriera dei futuri dirigenti pubblici<\/em>.&nbsp;<\/p>\n\n\n\n<p><em>La SNA ringrazia la Reggia di Caserta \u2013 <\/em>dichiara il Segretario generale della SNA, Francesco Spada \u2013 <em>per aver offerto ampia disponibilit\u00e0 ed efficace collaborazione. La fase di formazione che a breve si aprir\u00e0 nella prestigiosa sede per i centoundici allievi selezionati dalla Commissione esaminatrice sar\u00e0 di fondamentale importanza nella preparazione di una nuova generazione di dirigenti chiamati a guidare l\u2019innovazione, il cambiamento e la modernizzazione della Pubblica Amministrazione.<\/em><\/p>\n","protected":false},"excerpt":{"rendered":"<p>Siglato l\u2019accordo: si svolger\u00e0 interamente a Caserta il prossimo Corso-Concorso nella Quadreria del Palazzo reale La Reggia di Caserta e la Scuola Nazionale dell&#8217;Amministrazione stringono un accordo di grande rilevanza. A partire da ottobre, le attivit\u00e0 formative della Scuola della Presidenza del Consiglio dei Ministri troveranno sede negli spazi dell&#8217;ex Quadreria dell&#8217;Istituto del Ministero della [&hellip;]<\/p>\n","protected":false},"author":25,"featured_media":15723,"comment_status":"closed","ping_status":"","sticky":false,"template":"","format":"standard","meta":{"footnotes":""},"categories":[27,1],"tags":[],"class_list":["post-15827","post","type-post","status-publish","format-standard","has-post-thumbnail","hentry","category-corso-concorso","category-senza-categoria"],"acf":[],"_links":{"self":[{"href":"https:\/\/sna.gov.it\/home\/wp-json\/wp\/v2\/posts\/15827","targetHints":{"allow":["GET"]}}],"collection":[{"href":"https:\/\/sna.gov.it\/home\/wp-json\/wp\/v2\/posts"}],"about":[{"href":"https:\/\/sna.gov.it\/home\/wp-json\/wp\/v2\/types\/post"}],"author":[{"embeddable":true,"href":"https:\/\/sna.gov.it\/home\/wp-json\/wp\/v2\/users\/25"}],"replies":[{"embeddable":true,"href":"https:\/\/sna.gov.it\/home\/wp-json\/wp\/v2\/comments?post=15827"}],"version-history":[{"count":3,"href":"https:\/\/sna.gov.it\/home\/wp-json\/wp\/v2\/posts\/15827\/revisions"}],"predecessor-version":[{"id":15830,"href":"https:\/\/sna.gov.it\/home\/wp-json\/wp\/v2\/posts\/15827\/revisions\/15830"}],"wp:featuredmedia":[{"embeddable":true,"href":"https:\/\/sna.gov.it\/home\/wp-json\/wp\/v2\/media\/15723"}],"wp:attachment":[{"href":"https:\/\/sna.gov.it\/home\/wp-json\/wp\/v2\/media?parent=15827"}],"wp:term":[{"taxonomy":"category","embeddable":true,"href":"https:\/\/sna.gov.it\/home\/wp-json\/wp\/v2\/categories?post=15827"},{"taxonomy":"post_tag","embeddable":true,"href":"https:\/\/sna.gov.it\/home\/wp-json\/wp\/v2\/tags?post=15827"}],"curies":[{"name":"wp","href":"https:\/\/api.w.org\/{rel}","templated":true}]}}